[{"@context":"https:\/\/schema.org\/","@type":"Article","@id":"https:\/\/www.marben.sk\/elegantne-a-moderne-saty-do-prace\/#Article","mainEntityOfPage":"https:\/\/www.marben.sk\/elegantne-a-moderne-saty-do-prace\/","headline":"Elegantn\u00e9 a modern\u00e9 \u0161aty do pr\u00e1ce","name":"Elegantn\u00e9 a modern\u00e9 \u0161aty do pr\u00e1ce","description":"Etiketa sa op\u00e4\u0165 vracia do m\u00f3dy a d\u00e1va n\u00e1m odpor\u00fa\u010dania ako sa distingvovane spr\u00e1va\u0165 a ako sa vhodne oblieka\u0165 na dan\u00fa pr\u00edle\u017eitos\u0165. Plat\u00ed to aj pre pracovn\u00e9 prostredie, kde v\u00e4\u010d\u0161ina z n\u00e1s str\u00e1vi mnoho \u010dasu. By\u0165 vkusne, elegantne, pohodlne a z\u00e1rove\u0148 aj trendy oble\u010den\u00e1 dnes nie je pre\u017eitkom, naopak, d\u00e1va \u017een\u00e1m pr\u00edle\u017eitos\u0165 prejavi\u0165 ich \u017eenskos\u0165, [&hellip;]","datePublished":"2021-03-14","dateModified":"2023-04-27","author":{"@type":"Person","@id":"https:\/\/www.marben.sk\/author\/#Person","name":"","url":"https:\/\/www.marben.sk\/author\/","identifier":1,"image":{"@type":"ImageObject","@id":"https:\/\/secure.gravatar.com\/avatar\/d3163b56da0fbe010a5181dcf7396b9bd721056c768c8d190d293b864efe53fe?s=96&d=mm&r=g","url":"https:\/\/secure.gravatar.com\/avatar\/d3163b56da0fbe010a5181dcf7396b9bd721056c768c8d190d293b864efe53fe?s=96&d=mm&r=g","height":96,"width":96}},"publisher":{"@type":"Organization","name":"marben.sk","logo":{"@type":"ImageObject","@id":"\/logo.png","url":"\/logo.png","width":600,"height":60}},"image":{"@type":"ImageObject","@id":"https:\/\/www.marben.sk\/wp-content\/uploads\/mannequin-312526_640.png","url":"https:\/\/www.marben.sk\/wp-content\/uploads\/mannequin-312526_640.png","height":0,"width":0},"url":"https:\/\/www.marben.sk\/elegantne-a-moderne-saty-do-prace\/","about":["Tovar"],"wordCount":414,"articleBody":"   Etiketa sa op\u00e4\u0165 vracia do m\u00f3dy a d\u00e1va n\u00e1m odpor\u00fa\u010dania ako sa distingvovane spr\u00e1va\u0165 a ako sa vhodne oblieka\u0165 na dan\u00fa pr\u00edle\u017eitos\u0165. Plat\u00ed to aj pre pracovn\u00e9 prostredie, kde v\u00e4\u010d\u0161ina z n\u00e1s str\u00e1vi mnoho \u010dasu. By\u0165 vkusne, elegantne, pohodlne a z\u00e1rove\u0148 aj trendy oble\u010den\u00e1 dnes nie je pre\u017eitkom, naopak, d\u00e1va \u017een\u00e1m pr\u00edle\u017eitos\u0165 prejavi\u0165 ich \u017eenskos\u0165, eleganciu a kr\u00e1su.Kolekcia \u0161aty do pr\u00e1ce https:\/\/www.mladamoda.sk\/damska-moda\/saty\/business-do-prace V\u00e1m pon\u00faka neuverite\u013en\u00e9 mno\u017estvo \u017eensk\u00fdch \u0161iat vhodn\u00fdch na ka\u017edodenn\u00e9 nosenie, aj vr\u00e1tane vyu\u017eitia v pr\u00e1ci. Kolekcia je rozmanit\u00e1 a je prisp\u00f4soben\u00e1 takmer v\u0161etk\u00fdm povolaniam, od konzervat\u00edvneho business looku a\u017e po praktick\u00e9 d\u00e1mske \u0161aty so \u0161portov\u00fdmi prvkami.Tomu s\u00fa prisp\u00f4soben\u00e9 aj strihy, farby, d\u013a\u017eky \u0161iat a ich doplnky. V\u00fdber \u0161iat z pon\u00fakanej kolekcie z\u00e1vis\u00ed u\u017e iba na V\u00e1s, na Va\u0161om \u0161t\u00fdle a na charaktere V\u00e1\u0161ho pracovn\u00e9ho prostredia. Ur\u010dite V\u00e1s up\u00fataj\u00fa klasick\u00e9, konzervat\u00edvne \u0161aty v elegantnom \u010dierno bielom preveden\u00ed s d\u013a\u017ekou po kolen\u00e1, ktor\u00e9 s\u00fa priam predur\u010den\u00e9 pre obchodn\u00e9 sch\u00f4dzky, jednania a rokovania a ktor\u00e9 s\u00fa\u010dasne vyu\u017eijete aj na men\u0161ie spolo\u010densk\u00e9 podujatia.\u00daplne in\u00fd \u0161t\u00fdl predstavuj\u00fa pohodln\u00e9 \u0161aty s opaskom, \u0161peci\u00e1lne nariasen\u00e9 s viaza\u010dkou, s vkusn\u00fdmi vol\u00e1nmi alebo elegantn\u00fdm v\u00fdstrihom, ktor\u00e9 s\u00fa vhodn\u00e9 na praktick\u00e9 denn\u00e9 vyu\u017eitie v pr\u00e1ci. Obsahuj\u00fa modern\u00e9 doplnky vo forme zipsu, ozdobn\u00fdch gomb\u00edkov alebo vkusn\u00fdch lemovan\u00ed, ktor\u00e9 im prid\u00e1vaj\u00fa na mladistvom a modernom vzh\u013eade. Tento typ \u0161iat je ur\u010den\u00fd pre v\u0161etky vekov\u00e9 kateg\u00f3rie a mimoriadne lahodiaci v\u0161etk\u00fdm typom postavy.V\u00fdnimo\u010dn\u00e9 postavenie maj\u00fa aj letn\u00e9 \u0161aty do pr\u00e1ce, ktor\u00e9 s\u00fa s\u00fa\u010das\u0165ou pon\u00fakanej kolekcie \u2013 s\u00fa vzdu\u0161n\u00e9, pekne dr\u017eia tvar, v sparnom po\u010das\u00ed sa nekr\u010dia a pritom sa v nich c\u00edtite svie\u017eo a pohodlne po cel\u00fd de\u0148. Ich farebnos\u0165 je v lete vhodn\u00e1 aj na v\u00e1\u017enej\u0161ie obchodn\u00e9 stretnutia, v ponuke s\u00fa aj strihy s \u013eahk\u00fdmi ruk\u00e1vmi, ktor\u00e9 etiketa pre d\u00e1my a t\u00fato situ\u00e1ciu predpisuje.\u0160aty do pr\u00e1ce s\u00fa na\u0161\u00edm vyjadren\u00edm, vystihuj\u00fa n\u00e1s a ve\u013ea o n\u00e1s prezradia- ich v\u00fdber by mal by\u0165 starostliv\u00fd.                                                                                                                                                                                                                                                                                                                                                                                          3.8\/5 - (5 votes)        "},{"@context":"https:\/\/schema.org\/","@type":"BreadcrumbList","itemListElement":[{"@type":"ListItem","position":1,"name":"Elegantn\u00e9 a modern\u00e9 \u0161aty do pr\u00e1ce","item":"https:\/\/www.marben.sk\/elegantne-a-moderne-saty-do-prace\/#breadcrumbitem"}]}]