{"@context":"https:\/\/schema.org\/","@type":"CollectionPage","@id":"https:\/\/www.marben.sk\/internet\/#CollectionPage","headline":"Internet Category","description":"","url":"https:\/\/www.marben.sk\/internet\/","hasPart":[{"@type":"Article","@id":"https:\/\/www.marben.sk\/najlepsie-sluzby-iba-pre-vas\/","headline":"Najlep\u0161ie slu\u017eby iba pre V\u00e1s","url":"https:\/\/www.marben.sk\/najlepsie-sluzby-iba-pre-vas\/","datePublished":"2023-04-15","dateModified":"2024-02-29","mainEntityOfPage":"https:\/\/www.marben.sk\/najlepsie-sluzby-iba-pre-vas\/","author":{"@type":"Person","@id":"https:\/\/www.marben.sk\/author\/#Person","name":"","url":"https:\/\/www.marben.sk\/author\/","identifier":1,"image":{"@type":"ImageObject","@id":"https:\/\/secure.gravatar.com\/avatar\/d3163b56da0fbe010a5181dcf7396b9bd721056c768c8d190d293b864efe53fe?s=96&d=mm&r=g","url":"https:\/\/secure.gravatar.com\/avatar\/d3163b56da0fbe010a5181dcf7396b9bd721056c768c8d190d293b864efe53fe?s=96&d=mm&r=g","height":96,"width":96}},"publisher":{"@type":"Organization","name":"marben.sk","logo":{"@type":"ImageObject","@id":"\/logo.png","url":"\/logo.png","width":600,"height":60}},"image":{"@type":"ImageObject","@id":"https:\/\/www.marben.sk\/wp-content\/uploads\/voda.jpg","url":"https:\/\/www.marben.sk\/wp-content\/uploads\/voda.jpg","height":0,"width":0},"keywords":null},{"@type":"Article","@id":"https:\/\/www.marben.sk\/energeticky-certifikat\/","headline":"Energetick\u00fd certifik\u00e1t","url":"https:\/\/www.marben.sk\/energeticky-certifikat\/","datePublished":"2023-04-07","dateModified":"2024-02-29","mainEntityOfPage":"https:\/\/www.marben.sk\/energeticky-certifikat\/","author":{"@type":"Person","@id":"https:\/\/www.marben.sk\/author\/#Person","name":"","url":"https:\/\/www.marben.sk\/author\/","identifier":1,"image":{"@type":"ImageObject","@id":"https:\/\/secure.gravatar.com\/avatar\/d3163b56da0fbe010a5181dcf7396b9bd721056c768c8d190d293b864efe53fe?s=96&d=mm&r=g","url":"https:\/\/secure.gravatar.com\/avatar\/d3163b56da0fbe010a5181dcf7396b9bd721056c768c8d190d293b864efe53fe?s=96&d=mm&r=g","height":96,"width":96}},"publisher":{"@type":"Organization","name":"marben.sk","logo":{"@type":"ImageObject","@id":"\/logo.png","url":"\/logo.png","width":600,"height":60}},"image":{"@type":"ImageObject","@id":"https:\/\/www.marben.sk\/wp-content\/uploads\/R_10.png","url":"https:\/\/www.marben.sk\/wp-content\/uploads\/R_10.png","height":0,"width":0},"keywords":null},{"@type":"Article","@id":"https:\/\/www.marben.sk\/cistenie-klimatizacie\/","headline":"\u010cistenie klimatiz\u00e1cie","url":"https:\/\/www.marben.sk\/cistenie-klimatizacie\/","datePublished":"2023-03-12","dateModified":"2023-04-27","mainEntityOfPage":"https:\/\/www.marben.sk\/cistenie-klimatizacie\/","author":{"@type":"Person","@id":"https:\/\/www.marben.sk\/author\/#Person","name":"","url":"https:\/\/www.marben.sk\/author\/","identifier":1,"image":{"@type":"ImageObject","@id":"https:\/\/secure.gravatar.com\/avatar\/d3163b56da0fbe010a5181dcf7396b9bd721056c768c8d190d293b864efe53fe?s=96&d=mm&r=g","url":"https:\/\/secure.gravatar.com\/avatar\/d3163b56da0fbe010a5181dcf7396b9bd721056c768c8d190d293b864efe53fe?s=96&d=mm&r=g","height":96,"width":96}},"publisher":{"@type":"Organization","name":"marben.sk","logo":{"@type":"ImageObject","@id":"\/logo.png","url":"\/logo.png","width":600,"height":60}},"image":{"@type":"ImageObject","@id":"https:\/\/www.marben.sk\/wp-content\/uploads\/air-conditioner-2106343_640_2.jpg","url":"https:\/\/www.marben.sk\/wp-content\/uploads\/air-conditioner-2106343_640_2.jpg","height":0,"width":0},"keywords":null},{"@type":"Article","@id":"https:\/\/www.marben.sk\/twitter-zastavi-plan-na-odstranenie-neaktivnych-uctov-kym-si-nebude-moct-zapamatat-mrtvych-pouzivatelov\/","headline":"Twitter zastav\u00ed pl\u00e1n na odstr\u00e1nenie neakt\u00edvnych \u00fa\u010dtov, k\u00fdm si nebude m\u00f4c\u0165 zapam\u00e4ta\u0165 m\u0155tvych pou\u017e\u00edvate\u013eov","url":"https:\/\/www.marben.sk\/twitter-zastavi-plan-na-odstranenie-neaktivnych-uctov-kym-si-nebude-moct-zapamatat-mrtvych-pouzivatelov\/","datePublished":"2019-12-20","dateModified":"2023-04-27","mainEntityOfPage":"https:\/\/www.marben.sk\/twitter-zastavi-plan-na-odstranenie-neaktivnych-uctov-kym-si-nebude-moct-zapamatat-mrtvych-pouzivatelov\/","author":{"@type":"Person","@id":"https:\/\/www.marben.sk\/author\/#Person","name":"","url":"https:\/\/www.marben.sk\/author\/","identifier":1,"image":{"@type":"ImageObject","@id":"https:\/\/secure.gravatar.com\/avatar\/d3163b56da0fbe010a5181dcf7396b9bd721056c768c8d190d293b864efe53fe?s=96&d=mm&r=g","url":"https:\/\/secure.gravatar.com\/avatar\/d3163b56da0fbe010a5181dcf7396b9bd721056c768c8d190d293b864efe53fe?s=96&d=mm&r=g","height":96,"width":96}},"publisher":{"@type":"Organization","name":"marben.sk","logo":{"@type":"ImageObject","@id":"\/logo.png","url":"\/logo.png","width":600,"height":60}},"image":{"@type":"ImageObject","@id":"https:\/\/www.marben.sk\/wp-content\/uploads\/img_a309025_w16714_t1577622687.jpg","url":"https:\/\/www.marben.sk\/wp-content\/uploads\/img_a309025_w16714_t1577622687.jpg","height":0,"width":0},"keywords":null},{"@type":"Article","@id":"https:\/\/www.marben.sk\/malo-zname-fakty-o-internete-o-ktorych-ste-doposial-urcite-nevedeli\/","headline":"M\u00e1lo zn\u00e1me fakty o internete, o ktor\u00fdch ste doposia\u013e ur\u010dite nevedeli","url":"https:\/\/www.marben.sk\/malo-zname-fakty-o-internete-o-ktorych-ste-doposial-urcite-nevedeli\/","datePublished":"2019-09-22","dateModified":"2023-04-27","mainEntityOfPage":"https:\/\/www.marben.sk\/malo-zname-fakty-o-internete-o-ktorych-ste-doposial-urcite-nevedeli\/","author":{"@type":"Person","@id":"https:\/\/www.marben.sk\/author\/#Person","name":"","url":"https:\/\/www.marben.sk\/author\/","identifier":1,"image":{"@type":"ImageObject","@id":"https:\/\/secure.gravatar.com\/avatar\/d3163b56da0fbe010a5181dcf7396b9bd721056c768c8d190d293b864efe53fe?s=96&d=mm&r=g","url":"https:\/\/secure.gravatar.com\/avatar\/d3163b56da0fbe010a5181dcf7396b9bd721056c768c8d190d293b864efe53fe?s=96&d=mm&r=g","height":96,"width":96}},"publisher":{"@type":"Organization","name":"marben.sk","logo":{"@type":"ImageObject","@id":"\/logo.png","url":"\/logo.png","width":600,"height":60}},"image":{"@type":"ImageObject","@id":"https:\/\/www.marben.sk\/wp-content\/uploads\/img_a306369_w16830_t1568828047.jpg","url":"https:\/\/www.marben.sk\/wp-content\/uploads\/img_a306369_w16830_t1568828047.jpg","height":0,"width":0},"keywords":null},{"@type":"Article","@id":"https:\/\/www.marben.sk\/rast-v-sluzbe-twitter-vyzera-ovela-lepsie-ked-teraz-skryva-cisla-mesacneho-pouzitia\/","headline":"Rast v slu\u017ebe Twitter vyzer\u00e1 ove\u013ea lep\u0161ie, ke\u010f teraz skr\u00fdva \u010d\u00edsla mesa\u010dn\u00e9ho pou\u017eitia.","url":"https:\/\/www.marben.sk\/rast-v-sluzbe-twitter-vyzera-ovela-lepsie-ked-teraz-skryva-cisla-mesacneho-pouzitia\/","datePublished":"2019-08-08","dateModified":"2023-04-27","mainEntityOfPage":"https:\/\/www.marben.sk\/rast-v-sluzbe-twitter-vyzera-ovela-lepsie-ked-teraz-skryva-cisla-mesacneho-pouzitia\/","author":{"@type":"Person","@id":"https:\/\/www.marben.sk\/author\/#Person","name":"","url":"https:\/\/www.marben.sk\/author\/","identifier":1,"image":{"@type":"ImageObject","@id":"https:\/\/secure.gravatar.com\/avatar\/d3163b56da0fbe010a5181dcf7396b9bd721056c768c8d190d293b864efe53fe?s=96&d=mm&r=g","url":"https:\/\/secure.gravatar.com\/avatar\/d3163b56da0fbe010a5181dcf7396b9bd721056c768c8d190d293b864efe53fe?s=96&d=mm&r=g","height":96,"width":96}},"publisher":{"@type":"Organization","name":"marben.sk","logo":{"@type":"ImageObject","@id":"\/logo.png","url":"\/logo.png","width":600,"height":60}},"image":{"@type":"ImageObject","@id":"https:\/\/www.marben.sk\/wp-content\/uploads\/img_a306319_w16714_t1568820662.jpg","url":"https:\/\/www.marben.sk\/wp-content\/uploads\/img_a306319_w16714_t1568820662.jpg","height":0,"width":0},"keywords":null},{"@type":"Article","@id":"https:\/\/www.marben.sk\/kultura-vyjadrovania-dnesnej-mladeze\/","headline":"Kult\u00fara vyjadrovania dne\u0161nej ml\u00e1de\u017ee","url":"https:\/\/www.marben.sk\/kultura-vyjadrovania-dnesnej-mladeze\/","datePublished":"2018-11-14","dateModified":"2023-04-27","mainEntityOfPage":"https:\/\/www.marben.sk\/kultura-vyjadrovania-dnesnej-mladeze\/","author":{"@type":"Person","@id":"https:\/\/www.marben.sk\/author\/#Person","name":"","url":"https:\/\/www.marben.sk\/author\/","identifier":1,"image":{"@type":"ImageObject","@id":"https:\/\/secure.gravatar.com\/avatar\/d3163b56da0fbe010a5181dcf7396b9bd721056c768c8d190d293b864efe53fe?s=96&d=mm&r=g","url":"https:\/\/secure.gravatar.com\/avatar\/d3163b56da0fbe010a5181dcf7396b9bd721056c768c8d190d293b864efe53fe?s=96&d=mm&r=g","height":96,"width":96}},"publisher":{"@type":"Organization","name":"marben.sk","logo":{"@type":"ImageObject","@id":"\/logo.png","url":"\/logo.png","width":600,"height":60}},"image":{"@type":"ImageObject","@id":"https:\/\/www.marben.sk\/wp-content\/uploads\/img_a295601_w16477_t1547483626.jpg","url":"https:\/\/www.marben.sk\/wp-content\/uploads\/img_a295601_w16477_t1547483626.jpg","height":0,"width":0},"keywords":null}]}