[{"@context":"https:\/\/schema.org\/","@type":"Article","@id":"https:\/\/www.marben.sk\/osviezte-svoj-styl-a-zmente-svoj-ucet-este-dnes\/#Article","mainEntityOfPage":"https:\/\/www.marben.sk\/osviezte-svoj-styl-a-zmente-svoj-ucet-este-dnes\/","headline":"Osvie\u017ete svoj \u0161t\u00fdl! A zme\u0148te svoj \u00fa\u010det e\u0161te dnes","name":"Osvie\u017ete svoj \u0161t\u00fdl! A zme\u0148te svoj \u00fa\u010det e\u0161te dnes","description":"Na starostlivos\u0165 o\u00a0telo a\u00a0ple\u0165 by nemala zab\u00fada\u0165 \u017eiadna \u017eena. Aj ke\u010f nie jedn\u00e1 z\u00a0n\u00e1s m\u00e1 pocit, \u017ee niekedy nest\u00edha a\u00a0\u010das, ktor\u00fd by mala dopria\u0165 sebe, venuje rad\u0161ej svojim de\u0165om alebo man\u017eelovi, a\u00a0pritom zab\u00fada na seba a\u00a0na to, \u017ee aj on by z\u00a0\u010dasu na \u010das potrebovala nejak\u00fa zmenu. U\u017e dlh\u0161\u00ed \u010das m\u00e1te pocit, \u017ee nie ste [&hellip;]","datePublished":"2019-09-13","dateModified":"2023-04-27","author":{"@type":"Person","@id":"https:\/\/www.marben.sk\/author\/#Person","name":"","url":"https:\/\/www.marben.sk\/author\/","identifier":1,"image":{"@type":"ImageObject","@id":"https:\/\/secure.gravatar.com\/avatar\/d3163b56da0fbe010a5181dcf7396b9bd721056c768c8d190d293b864efe53fe?s=96&d=mm&r=g","url":"https:\/\/secure.gravatar.com\/avatar\/d3163b56da0fbe010a5181dcf7396b9bd721056c768c8d190d293b864efe53fe?s=96&d=mm&r=g","height":96,"width":96}},"publisher":{"@type":"Organization","name":"marben.sk","logo":{"@type":"ImageObject","@id":"\/logo.png","url":"\/logo.png","width":600,"height":60}},"image":{"@type":"ImageObject","@id":"https:\/\/www.marben.sk\/wp-content\/uploads\/img_a307056_w16714_t1601746975.jpg","url":"https:\/\/www.marben.sk\/wp-content\/uploads\/img_a307056_w16714_t1601746975.jpg","height":0,"width":0},"url":"https:\/\/www.marben.sk\/osviezte-svoj-styl-a-zmente-svoj-ucet-este-dnes\/","about":["\u017deny\r"],"wordCount":445,"articleBody":"Na starostlivos\u0165 o\u00a0telo a\u00a0ple\u0165 by nemala zab\u00fada\u0165 \u017eiadna \u017eena. Aj ke\u010f nie jedn\u00e1 z\u00a0n\u00e1s m\u00e1 pocit, \u017ee niekedy nest\u00edha a\u00a0\u010das, ktor\u00fd by mala dopria\u0165 sebe, venuje rad\u0161ej svojim de\u0165om alebo man\u017eelovi, a\u00a0pritom zab\u00fada na seba a\u00a0na to, \u017ee aj on by z\u00a0\u010dasu na \u010das potrebovala nejak\u00fa zmenu.U\u017e dlh\u0161\u00ed \u010das m\u00e1te pocit, \u017ee nie ste vo svojej ko\u017ei. M\u00e1te pocit, \u017ee u\u017e nevyzer\u00e1te tak dobre ako kedysi a\u00a0va\u0161e okolie v\u00e1s vn\u00edma u\u017e ako iba \u0161ed\u00fa my\u0161ku, ktor\u00e1 v\u00e4\u010d\u0161inu \u010dasu str\u00e1vi v\u00a0pr\u00e1ci a\u00a0po pr\u00edchode domov z\u00a0pr\u00e1ce tr\u00e1vi v\u00e4\u010d\u0161inu \u010dasu bu\u010f so svojimi de\u0165mi alebo v\u00a0kuchyni pri peci. Av\u0161ak nemali by ste zab\u00fada\u0165 na to, \u017ee ste aj \u017eena a\u00a0mali by ste si dopria\u0165 nie\u010do aj pre sam\u00fa seba. A\u00a0ak u\u017e dlh\u0161ie rozm\u00fd\u0161\u013eate nad nejakou zmenou, ale neviete \u010do presne by ste na sebe zmenili, sk\u00faste to so svojimi vlasmi.Vlasy s\u00fa z\u00e1kladom ka\u017edej \u017eeny, a\u00a0preto by sa \u017eena mala aj o\u00a0svoje vlasy stara\u0165, preto\u017ee tie dok\u00e1\u017eu spravi\u0165 na to, ako vyzer\u00e1te naozaj ve\u013ea. Ak m\u00e1te u\u017e ochabnut\u00e9 vlasy bez farby a\u00a0\u017eivota, sk\u00faste prist\u00fapi\u0165 na zmenu, a\u00a0to nie len \u010do sa t\u00fdka napr\u00edklad toho, \u017ee si d\u00e1te vlasy podstrihn\u00fa\u0165 alebo popr\u00edpade zafarbi\u0165 na vami st\u00e1le ob\u013e\u00faben\u00fa a\u00a0u\u017e vysk\u00fa\u0161an\u00fa farby. Odhodlajte sa pre v\u00e4\u010d\u0161iu zmenu a\u00a0nebojte sa nov\u00fdch v\u00fdziev a\u00a0trendov \u010do sa t\u00fdka vlasov \u010di u\u017e ich farby alebo strihu. Zarezervujte si term\u00edn u\u00a0va\u0161ej kadern\u00ed\u010dky a\u00a0hor sa do to. S\u00a0va\u0161om kadern\u00ed\u010dkou sa m\u00f4\u017eete najprv porozpr\u00e1va\u0165 o\u00a0tom, ako by ste predstavovali, aby va\u0161e vlasy vyzerali. Nebojte sa experimentova\u0165. Ka\u017ed\u00e1 kadern\u00ed\u010dka vie, \u010do sa m\u00f4\u017ee danej \u017eene hodi\u0165 a\u00a0\u010do u\u017e nie.Ke\u010f ste boli dlh\u00e9 roky zvyknut\u00e1 na dlh\u0161ie vlasy aspo\u0148 pod plecia ak nie viac. Sk\u00faste svoj imid\u017e okr\u00e1\u0161li\u0165 t\u00fdm, \u017ee si d\u00e1te va\u0161e vlasy radik\u00e1lne skr\u00e1ti\u0165. Tak\u00e1to zmena je ve\u013emi pr\u00edjemn\u00e1 hlavne v\u00a0obdob\u00ed po\u010das leta, preto\u017ee vtedy sa v\u00e1m nebude poti\u0165 poko\u017eka hlavy po vlasmi a\u00a0na krku. T\u00e1to zmena v\u00e1s \u00faplne roz\u017eiari a\u00a0pr\u00edpadne si m\u00f4\u017eete da\u0165 zafarbi\u0165 vlasy na nejak\u00fa in\u00fa farbu, ak\u00fa ste boli zvyknut\u00e1. O\u00a0to viac va\u0161e vlasy to posiln\u00ed a\u00a0aj zhustn\u00fa .                                                                                                                                                                                                                                                                                                                                                                                        5\/5 - (3 votes)        "},{"@context":"https:\/\/schema.org\/","@type":"BreadcrumbList","itemListElement":[{"@type":"ListItem","position":1,"name":"Osvie\u017ete svoj \u0161t\u00fdl! A zme\u0148te svoj \u00fa\u010det e\u0161te dnes","item":"https:\/\/www.marben.sk\/osviezte-svoj-styl-a-zmente-svoj-ucet-este-dnes\/#breadcrumbitem"}]}]