[{"@context":"https:\/\/schema.org\/","@type":"Article","@id":"https:\/\/www.marben.sk\/twitter-zastavi-plan-na-odstranenie-neaktivnych-uctov-kym-si-nebude-moct-zapamatat-mrtvych-pouzivatelov\/#Article","mainEntityOfPage":"https:\/\/www.marben.sk\/twitter-zastavi-plan-na-odstranenie-neaktivnych-uctov-kym-si-nebude-moct-zapamatat-mrtvych-pouzivatelov\/","headline":"Twitter zastav\u00ed pl\u00e1n na odstr\u00e1nenie neakt\u00edvnych \u00fa\u010dtov, k\u00fdm si nebude m\u00f4c\u0165 zapam\u00e4ta\u0165 m\u0155tvych pou\u017e\u00edvate\u013eov","name":"Twitter zastav\u00ed pl\u00e1n na odstr\u00e1nenie neakt\u00edvnych \u00fa\u010dtov, k\u00fdm si nebude m\u00f4c\u0165 zapam\u00e4ta\u0165 m\u0155tvych pou\u017e\u00edvate\u013eov","description":"Twitter nadviazal na \u010fal\u0161ie podrobnosti t\u00fdkaj\u00face sa svojho pl\u00e1nu na odstr\u00e1nenie neakt\u00edvnych \u00fa\u010dtov v\u00a0nasleduj\u00facich mesiacoch. Po prv\u00e9, spolo\u010dnos\u0165 tvrd\u00ed, \u017ee proces \u201ezatia\u013e m\u00e1 dopad na \u00fa\u010dty v\u00a0E\u00da.\u201c Ke\u010f sa spr\u00e1vy 26. Novembra preru\u0161ili, nebolo jasn\u00e9, \u010do je d\u00f4le\u017eit\u00e9. Ove\u013ea d\u00f4le\u017eitej\u0161ie je v\u0161ak to, \u017ee Twitter uznal, \u017ee nem\u00f4\u017ee odstra\u0148ova\u0165 \u00fa\u010dty, k\u00fdm nen\u00e1jde sp\u00f4sob, ako zachova\u0165 [&hellip;]","datePublished":"2019-12-20","dateModified":"2023-04-27","author":{"@type":"Person","@id":"https:\/\/www.marben.sk\/author\/#Person","name":"","url":"https:\/\/www.marben.sk\/author\/","identifier":1,"image":{"@type":"ImageObject","@id":"https:\/\/secure.gravatar.com\/avatar\/d3163b56da0fbe010a5181dcf7396b9bd721056c768c8d190d293b864efe53fe?s=96&d=mm&r=g","url":"https:\/\/secure.gravatar.com\/avatar\/d3163b56da0fbe010a5181dcf7396b9bd721056c768c8d190d293b864efe53fe?s=96&d=mm&r=g","height":96,"width":96}},"publisher":{"@type":"Organization","name":"marben.sk","logo":{"@type":"ImageObject","@id":"\/logo.png","url":"\/logo.png","width":600,"height":60}},"image":{"@type":"ImageObject","@id":"https:\/\/www.marben.sk\/wp-content\/uploads\/img_a309025_w16714_t1577622687.jpg","url":"https:\/\/www.marben.sk\/wp-content\/uploads\/img_a309025_w16714_t1577622687.jpg","height":0,"width":0},"url":"https:\/\/www.marben.sk\/twitter-zastavi-plan-na-odstranenie-neaktivnych-uctov-kym-si-nebude-moct-zapamatat-mrtvych-pouzivatelov\/","about":["Internet"],"wordCount":456,"articleBody":"Twitter nadviazal na \u010fal\u0161ie podrobnosti t\u00fdkaj\u00face sa svojho pl\u00e1nu na odstr\u00e1nenie neakt\u00edvnych \u00fa\u010dtov v\u00a0nasleduj\u00facich mesiacoch. Po prv\u00e9, spolo\u010dnos\u0165 tvrd\u00ed, \u017ee proces \u201ezatia\u013e m\u00e1 dopad na \u00fa\u010dty v\u00a0E\u00da.\u201c Ke\u010f sa spr\u00e1vy 26. Novembra preru\u0161ili, nebolo jasn\u00e9, \u010do je d\u00f4le\u017eit\u00e9. Ove\u013ea d\u00f4le\u017eitej\u0161ie je v\u0161ak to, \u017ee Twitter uznal, \u017ee nem\u00f4\u017ee odstra\u0148ova\u0165 \u00fa\u010dty, k\u00fdm nen\u00e1jde sp\u00f4sob, ako zachova\u0165 \u00fa\u010dty m\u0155tvych \u013eud\u00ed.\u201ePo\u010duli sme v\u00e1s o\u00a0vplyve, ktor\u00fd by to malo na zosnul\u00e9 \u00fa\u010dty. Z\u00a0na\u0161ej strany to bolo sle\u010dna,\u201c dodala spolo\u010dnos\u0165 a\u017e dnes. \u201eNebudeme odstra\u0148ova\u0165 \u017eiadne neakt\u00edvne \u00fa\u010dty, k\u00fdm nevytvor\u00edme nov\u00fd sp\u00f4sob, ako si \u013eudia bud\u00fa pam\u00e4ta\u0165 \u00fa\u010dty.\u201c E-maily odoslan\u00e9 Twitterom v\u00a0utorok varovali, \u017ee ak\u00fdko\u013evek \u00fa\u010det, ktor\u00fd je neakt\u00edvny dlh\u0161ie ako \u0161es\u0165 mesiacov, by mohol by\u0165 odstr\u00e1nen\u00fd, ak sa z\u00e1kazn\u00edci nepodar\u00ed prihl\u00e1si\u0165 do 11.decembra. Teraz sa pravdepodobne tento term\u00edn posunie.Facebook pon\u00faka sp\u00f4sob, ako m\u00f4\u017eu by\u0165 pou\u017e\u00edvate\u013esk\u00e9 \u00fa\u010dty ulo\u017een\u00e9 po smrti majite\u013ea \u00fa\u010dtu. Twitter zatia\u013e nem\u00e1 tak\u00fato funkciu k\u00a0dispoz\u00edcii, ale v\u010dera hovorca firmy Tech Insider povedal, \u017ee \u201et\u00edm prem\u00fd\u0161\u013eaw o\u00a0sp\u00f4soboch, ako to urobi\u0165.\u201c Teraz sa firma zaviazala, \u017ee neza\u010dne odstra\u0148ova\u0165 \u00fa\u010dty k\u00fdm nebude tento syst\u00e9m zaveden\u00fd.Po \u00favodnom ozn\u00e1men\u00ed ve\u013ea \u013eud\u00ed okam\u017eite zv\u00fd\u0161ilo mo\u017enos\u0165 straty pr\u00edstupu k\u00a0star\u00fdm \u00fa\u010dtom priate\u013eov, partnerov, rodinn\u00fdch pr\u00edslu\u0161n\u00edkov, celebr\u00edt a\u00a0\u010fal\u0161\u00edch vplyvn\u00fdch pou\u017e\u00edvate\u013eov slu\u017eby Twitter, ktor\u00ed zomreli. U\u017e sa nemus\u00edte b\u00e1\u0165, \u017ee sa dostan\u00fa do skupiny neakt\u00edvnych \u00fa\u010dtov kv\u00f4li odstr\u00e1neniu.Aj ke\u010f Twitter hovor\u00ed, \u017ee odstr\u00e1nenie \u00fa\u010dtu sa zameria na to, aby sa E\u00da za\u010dala \u2013 vzh\u013eadom na nariadenia o\u00a0v\u0161eobecnom nariaden\u00ed o\u00a0ochrane \u00fadajov \u2013 nakoniec mohla roz\u0161\u00edri\u0165 na \u010fal\u0161ie krajiny. \u201eM\u00f4\u017eeme v\u00a0bud\u00facnosti roz\u0161\u00edri\u0165 presadzovanie na\u0161ej politiky ne\u010dinnosti tak, aby bola v\u00a0s\u00falade s\u00a0ostatn\u00fdmi predpismi na celom svete a\u00a0zabezpe\u010dila integritu slu\u017eby,\u201c uviedol Twitter, \u201eBudeme komunikova\u0165 so v\u0161etk\u00fdmi z\u00a0v\u00e1s, ak tak urob\u00edme. Ospravedl\u0148ujeme sa za zm\u00e4tok a\u00a0obavy, ktor\u00e9 sme sp\u00f4sobili, a\u00a0budeme v\u00e1s informova\u0165.\u201cKe\u010f sa TW napokon dostane k\u00a0presadzovaniu politiky ne\u010dinnosti, pravdepodobne d\u00f4jde k\u00a0odstr\u00e1neniu viacer\u00fdch pou\u017e\u00edvate\u013esk\u00fdch mien v\u00a0d\u00f4sledku odstr\u00e1nenia ne\u010dinn\u00fdch \u00fa\u010dtov. To je pozit\u00edva tejto zmeny, aj ke\u010f ve\u013ea \u013eud\u00ed m\u00f4\u017ee o\u010dak\u00e1va\u0165 pokles po\u010dtu sledovate\u013eov, ke\u010f \u00fa\u010dty pomin\u00fa.                                                                                                                                                                                                                                                                                                                                                                                        4.4\/5 - (9 votes)        "},{"@context":"https:\/\/schema.org\/","@type":"BreadcrumbList","itemListElement":[{"@type":"ListItem","position":1,"name":"Twitter zastav\u00ed pl\u00e1n na odstr\u00e1nenie neakt\u00edvnych \u00fa\u010dtov, k\u00fdm si nebude m\u00f4c\u0165 zapam\u00e4ta\u0165 m\u0155tvych pou\u017e\u00edvate\u013eov","item":"https:\/\/www.marben.sk\/twitter-zastavi-plan-na-odstranenie-neaktivnych-uctov-kym-si-nebude-moct-zapamatat-mrtvych-pouzivatelov\/#breadcrumbitem"}]}]